{"id":610,"date":"2019-10-26T00:00:00","date_gmt":"2019-10-26T00:00:00","guid":{"rendered":"https:\/\/www.jorgschellekens.nl\/?p=610"},"modified":"2024-08-28T11:10:14","modified_gmt":"2024-08-28T11:10:14","slug":"marchen-im-grand-hotel","status":"publish","type":"post","link":"https:\/\/www.jorgschellekens.nl\/?p=610","title":{"rendered":"M\u00e4rchen im Grand Hotel"},"content":{"rendered":"\n<p>Luzerner Theater<\/p>\n\n\n\n<p>Development of a foley score \/ sound design for Bram Jansen&#8217;s re-imagining of Abraham&#8217;s operetta. The foley was partly performed live by Tora Augestad in her role of the sound designer and partly used in the film by David R\u00f6thlisberger that concluded the show.<\/p>\n\n\n\n<p><strong>About<\/strong><\/p>\n\n\n\n<p>The operetta for Lucerne.<\/p>\n\n\n\n<p id=\"tw-target-text\">The guest is king, but what if a beloved Grand Hotel is in danger of collapsing due to cheap mass tourism and a takeover by an ominous mogul? <\/p>\n\n\n\n<p id=\"tw-target-text\">In an attempt to save the hotel a marketing film with a bestseller story is made: the tale of the forbidden love between a waiter and a princess. All hotel employees, from room service to to the concierge, are involved in giving the hotel new splendor &#8211; and at the same time boost their own happiness.<\/p>\n\n\n\n<p id=\"tw-target-text\">In cooperation with the Grand Hotel Schweizerhof, director Bram Jansen merges Abraham&#8217;s 1934 operetta with Lucerne&#8217;s stories of tourism. Paul Abraham, who throughout his life has never felt more at home than in a hotel, connects swinging Hungarian songs with Viennese &#8220;Schmelz&#8221; and Berlin&#8217;s bite with jazz rhythms.<\/p>\n\n\n\n<p><strong>Credits<\/strong><\/p>\n\n\n\n<p>Composition: Paul Abraham<br>Musical direction: William Kelley<br>Direction: Bram Jansen<br>With: Tora Augestad, Heidi Maria Gl\u00f6ssner, Samuel Streiff, Robert Maszl, Jason Cox, Vuyani Mlinde, Close-Harmony-Quartett: Giulia B\u00e4ttig, Norma Haller, Chiara Sch\u00f6nfeld, Anna Vogt and the Luzerner Sinfonieorchester<br>Scenography: Robin Vogel <br>Costume design: Ulrike Scheiderer <br>Choreography: Ryan Djojokarso <br>Sound design: Jorg Schellekens<br>Video: David R\u00f6thlisberger <br>Light design: Marc Hostettler <br>Dramaturgy: Julia Jord\u00e0 Stoppelhaar, Johanna Wall<\/p>\n\n\n\n<p><strong>Premi\u00e8re<\/strong><\/p>\n\n\n\n<p>26 October 2019, B\u00fchne, Luzerner Theater (Luzern, CH)<\/p>\n","protected":false},"excerpt":{"rendered":"<p>Luzerner Theater Development of a foley score \/ sound design for Bram Jansen&#8217;s re-imagining of Abraham&#8217;s operetta. The foley was partly performed live by Tora Augestad in her role of the sound designer and partly used in the film by David R\u00f6thlisberger that concluded the show. About The operetta for Lucerne. The guest is king, [&hellip;]<\/p>\n","protected":false},"author":2,"featured_media":611,"comment_status":"closed","ping_status":"open","sticky":false,"template":"","format":"standard","meta":{"footnotes":""},"categories":[8],"tags":[50,91,102,101,63],"class_list":["post-610","post","type-post","status-publish","format-standard","has-post-thumbnail","hentry","category-8","tag-bram-jansen","tag-luzerner-theater","tag-musical-theatre","tag-operetta","tag-sound-design"],"_links":{"self":[{"href":"https:\/\/www.jorgschellekens.nl\/index.php?rest_route=\/wp\/v2\/posts\/610","targetHints":{"allow":["GET"]}}],"collection":[{"href":"https:\/\/www.jorgschellekens.nl\/index.php?rest_route=\/wp\/v2\/posts"}],"about":[{"href":"https:\/\/www.jorgschellekens.nl\/index.php?rest_route=\/wp\/v2\/types\/post"}],"author":[{"embeddable":true,"href":"https:\/\/www.jorgschellekens.nl\/index.php?rest_route=\/wp\/v2\/users\/2"}],"replies":[{"embeddable":true,"href":"https:\/\/www.jorgschellekens.nl\/index.php?rest_route=%2Fwp%2Fv2%2Fcomments&post=610"}],"version-history":[{"count":4,"href":"https:\/\/www.jorgschellekens.nl\/index.php?rest_route=\/wp\/v2\/posts\/610\/revisions"}],"predecessor-version":[{"id":615,"href":"https:\/\/www.jorgschellekens.nl\/index.php?rest_route=\/wp\/v2\/posts\/610\/revisions\/615"}],"wp:featuredmedia":[{"embeddable":true,"href":"https:\/\/www.jorgschellekens.nl\/index.php?rest_route=\/wp\/v2\/media\/611"}],"wp:attachment":[{"href":"https:\/\/www.jorgschellekens.nl\/index.php?rest_route=%2Fwp%2Fv2%2Fmedia&parent=610"}],"wp:term":[{"taxonomy":"category","embeddable":true,"href":"https:\/\/www.jorgschellekens.nl\/index.php?rest_route=%2Fwp%2Fv2%2Fcategories&post=610"},{"taxonomy":"post_tag","embeddable":true,"href":"https:\/\/www.jorgschellekens.nl\/index.php?rest_route=%2Fwp%2Fv2%2Ftags&post=610"}],"curies":[{"name":"wp","href":"https:\/\/api.w.org\/{rel}","templated":true}]}}